{"id":33,"date":"2014-04-01T00:10:40","date_gmt":"2014-03-31T22:10:40","guid":{"rendered":"http:\/\/www.mudanyaonline.net\/?p=33"},"modified":"2016-04-23T17:53:01","modified_gmt":"2016-04-23T15:53:01","slug":"mudanyanin-idari-durumu","status":"publish","type":"post","link":"http:\/\/www.mudanyaonline.net\/?p=33","title":{"rendered":"Mudanya&#8217;n\u0131n \u0130dari Durumu"},"content":{"rendered":"<p><a class=\"highslide\" onclick=\"return vz.expand(this)\" href=\"http:\/\/www.mudanyaonline.net\/wp-content\/uploads\/mutareke_sahil.gif\"><img loading=\"lazy\" class=\"alignleft size-full wp-image-75\" title=\"mutareke_sahil\" alt=\"\" src=\"http:\/\/www.mudanyaonline.net\/wp-content\/uploads\/mutareke_sahil.gif\" width=\"204\" height=\"154\" \/><\/a>Mudanya, 5216 say\u0131l\u0131 B\u00fcy\u00fck\u015fehir Belediyesi Kanunu uyar\u0131nca Bursa B\u00fcy\u00fck\u015fehir Belediyesi s\u0131n\u0131rlar\u0131 i\u00e7ine dahil olmu\u015ftur.<br \/>\nK\u00f6yler, mahalleye d\u00f6n\u00fc\u015fm\u00fc\u015f, Mudanya&#8217;n\u0131n 47 mahallesi bulunmaktad\u0131r. Mudanya&#8217;ya yak\u0131n mahallelerde ekonomik y\u00f6nden daha \u00e7ok hareketlilik g\u00f6zlenmektedir. K\u0131rsaldaki mahallelerin geli\u015fmi\u015flik d\u00fczeyleri il\u00e7e merkezine paralel olmaktad\u0131r.<br \/>\nDevlet y\u00f6netimi ile halk aras\u0131ndaki ili\u015fkiler olumludur. \u0130l\u00e7e halk\u0131 genelde devlete ve kanunlara kar\u015f\u0131 sayg\u0131l\u0131d\u0131r. Sorunlar\u0131n \u00e7\u00f6z\u00fcm\u00fcnde, her konudaki dilek ve \u015fikayetlerini idarenin \u00e7e\u015fitli kademelerine rahatl\u0131kla iletebilmektedir.<\/p>\n","protected":false},"excerpt":{"rendered":"<p>Mudanya, 5216 say\u0131l\u0131 B\u00fcy\u00fck\u015fehir Belediyesi Kanunu uyar\u0131nca Bursa B\u00fcy\u00fck\u015fehir Belediyesi s\u0131n\u0131rlar\u0131 i\u00e7ine dahil olmu\u015ftur. K\u00f6yler, mahalleye d\u00f6n\u00fc\u015fm\u00fc\u015f, Mudanya&#8217;n\u0131n 47 mahallesi bulunmaktad\u0131r. Mudanya&#8217;ya yak\u0131n mahallelerde ekonomik y\u00f6nden daha \u00e7ok hareketlilik g\u00f6zlenmektedir. K\u0131rsaldaki mahallelerin geli\u015fmi\u015flik d\u00fczeyleri il\u00e7e merkezine paralel olmaktad\u0131r. Devlet y\u00f6netimi ile halk aras\u0131ndaki ili\u015fkiler olumludur. \u0130l\u00e7e halk\u0131 genelde devlete ve kanunlara kar\u015f\u0131 sayg\u0131l\u0131d\u0131r. Sorunlar\u0131n \u00e7\u00f6z\u00fcm\u00fcnde, [&hellip;]<\/p>\n","protected":false},"author":1,"featured_media":0,"comment_status":"closed","ping_status":"closed","sticky":false,"template":"","format":"standard","meta":[],"categories":[7],"tags":[],"_links":{"self":[{"href":"http:\/\/www.mudanyaonline.net\/index.php?rest_route=\/wp\/v2\/posts\/33"}],"collection":[{"href":"http:\/\/www.mudanyaonline.net\/index.php?rest_route=\/wp\/v2\/posts"}],"about":[{"href":"http:\/\/www.mudanyaonline.net\/index.php?rest_route=\/wp\/v2\/types\/post"}],"author":[{"embeddable":true,"href":"http:\/\/www.mudanyaonline.net\/index.php?rest_route=\/wp\/v2\/users\/1"}],"replies":[{"embeddable":true,"href":"http:\/\/www.mudanyaonline.net\/index.php?rest_route=%2Fwp%2Fv2%2Fcomments&post=33"}],"version-history":[{"count":0,"href":"http:\/\/www.mudanyaonline.net\/index.php?rest_route=\/wp\/v2\/posts\/33\/revisions"}],"wp:attachment":[{"href":"http:\/\/www.mudanyaonline.net\/index.php?rest_route=%2Fwp%2Fv2%2Fmedia&parent=33"}],"wp:term":[{"taxonomy":"category","embeddable":true,"href":"http:\/\/www.mudanyaonline.net\/index.php?rest_route=%2Fwp%2Fv2%2Fcategories&post=33"},{"taxonomy":"post_tag","embeddable":true,"href":"http:\/\/www.mudanyaonline.net\/index.php?rest_route=%2Fwp%2Fv2%2Ftags&post=33"}],"curies":[{"name":"wp","href":"https:\/\/api.w.org\/{rel}","templated":true}]}}