{"id":21,"date":"2010-03-27T00:09:38","date_gmt":"2010-03-26T22:09:38","guid":{"rendered":"http:\/\/www.mudanyaonline.net\/?p=21"},"modified":"2010-03-28T20:00:41","modified_gmt":"2010-03-28T18:00:41","slug":"mudanyanin-dusman-isgalinden-kurtulusu","status":"publish","type":"post","link":"http:\/\/www.mudanyaonline.net\/?p=21","title":{"rendered":"Mudanya&#8217;n\u0131n d\u00fc\u015fman i\u015fgalinden kurtulu\u015fu"},"content":{"rendered":"<p><a class=\"highslide\" onclick=\"return vz.expand(this)\" href=\"http:\/\/www.mudanyaonline.net\/wp-content\/uploads\/eski_bld.gif\"><img loading=\"lazy\" src=\"http:\/\/www.mudanyaonline.net\/wp-content\/uploads\/eski_bld.gif\" alt=\"\" title=\"eski_bld\" width=\"204\" height=\"154\" class=\"alignleft size-full wp-image-96\" \/><\/a>Mudanya, 1321 y\u0131l\u0131nda Orhan Bey taraf\u0131ndan fethedilerek Osmanl\u0131 topraklar\u0131na kat\u0131lm\u0131\u015ft\u0131r. Mudanya Kasabas\u0131, Mondros M\u00fctarekesi\u2019nden sonra, \u00f6nce \u0130ngiliz istilas\u0131na u\u011fram\u0131\u015ft\u0131r. Fakat bu i\u015fgal bir g\u00fcn bile s\u00fcrmemi\u015ftir.<br \/>\n<a class=\"highslide\" onclick=\"return vz.expand(this)\" href=\"http:\/\/www.mudanyaonline.net\/wp-content\/uploads\/sukrucavus.gif\"><img loading=\"lazy\" src=\"http:\/\/www.mudanyaonline.net\/wp-content\/uploads\/sukrucavus.gif\" alt=\"\" title=\"sukrucavus\" width=\"84\" height=\"141\" class=\"alignright size-full wp-image-97\" \/><\/a>Vatan topra\u011f\u0131na \u00e2\u015f\u0131k, Jandarma Onba\u015f\u0131s\u0131 \u015e\u00dcKR\u00dc \u00c7AVU\u015e, kimseden emir \u015e\u00fckr\u00fc \u00c7avu\u015f almadan yaln\u0131z ba\u015f\u0131na mavzerini kaparak \u0130ngiliz Deniz Piyadesi\u2019nin \u00e7\u0131kartma yapt\u0131\u011f\u0131 iskeleye ko\u015farak gitmi\u015f ve silah\u0131n\u0131 ate\u015flemi\u015ftir. 25 Haziran 1920 g\u00fcn\u00fc ak\u015fam\u0131 \u0130ngiliz Ordusu\u2019ndan bir Binba\u015f\u0131 ile bir Eri \u00f6ld\u00fcrd\u00fckten sonra \u0130ngiliz\u2019ler taraf\u0131ndan \u015fehit edilmi\u015ftir. Fakat, 11 g\u00fcn sonra 6 Temmuz 1920\u2019de, \u0130ngiliz yerlerini Yunanl\u0131lara b\u0131rakm\u0131\u015flard\u0131r. Kent, d\u00fc\u015fman i\u015fgali alt\u0131nda 2 y\u0131ldan uzun s\u00fcre kalm\u0131\u015ft\u0131r.<br \/>\nDaha sonra, Mudanya\u2019dan top seslerini duyan, Bursa\u2019daki 11.\u2019inci t\u00fcmen Mudanya istikametine y\u00f6nelir. 11 Eyl\u00fcl ak\u015fam\u0131 T\u00fcrk t\u00fcmeni karargah\u0131na gelen Frans\u0131z s\u00fcvarileri Mudanya\u2019n\u0131n tarafs\u0131z bir b\u00f6lge oldu\u011funu bildirir ve bunun \u00fczerine Birinci S\u00fcvari B\u00f6l\u00fc\u011f\u00fc, ak\u015fama do\u011fru Mudanya\u2019ya g\u00f6nderilir.<br \/>\n<a class=\"highslide\" onclick=\"return vz.expand(this)\" href=\"http:\/\/www.mudanyaonline.net\/wp-content\/uploads\/03_arnavutkoy_eski.jpg\"><img loading=\"lazy\" src=\"http:\/\/www.mudanyaonline.net\/wp-content\/uploads\/03_arnavutkoy_eski.jpg\" alt=\"\" title=\"03_arnavutkoy_eski\" width=\"204\" height=\"126\" class=\"alignleft size-full wp-image-99\" \/><\/a>11.\u2019inci t\u00fcmen, 12 Eyl\u00fcl sabah\u0131 Mudanya\u2019ya yakla\u015ft\u0131\u011f\u0131 zaman, kasaban\u0131n do\u011fusunu koruyan KOCAEL\u0130 grubumuz, taarruz eder. Mudanya\u2019n\u0131n g\u00fcney s\u0131rtlar\u0131 bir d\u00fc\u015fman kuvveti taraf\u0131ndan korunuyordu. 11. T\u00fcmen komutan\u0131 bir alay ile Mudanya\u2019n\u0131n bat\u0131s\u0131n\u0131 kapam\u0131\u015f, h\u00fccum arzusu ile g\u00fcneydeki d\u00fc\u015fman kuvvetiyle \u00e7at\u0131\u015f\u0131rken, b\u00fcy\u00fck kuvveti ile Kocaeli grubu kar\u015f\u0131s\u0131ndaki d\u00fc\u015fman taarruz eder.<br \/>\n12 Eyl\u00fcl 1922\u2019de saat 16.00 s\u0131ralar\u0131nda, d\u00fc\u015fman\u0131n teslim olmas\u0131 ile sava\u015f sona erer. 2 ba\u011f\u0131ms\u0131z alay teslim al\u0131n\u0131r ve bu arada T\u00fcmen Komutan\u0131 ile 202 subay, 6 binden fazla er ve 32 top al\u0131n\u0131r. Yunan Albay\u0131 Zirvas ise kendi birlikleri ile bir sava\u015f gemisiyle kurtulmay\u0131 ba\u015far\u0131rlar.<br \/>\n\u015eimdi, her y\u0131l 12 Eyl\u00fcl\u2019de, Mudanya\u2019da bu g\u00fcn, kurtulu\u015f temsil tablosu ile b\u00fcy\u00fck co\u015fkuyla kutlanmaktad\u0131r.<\/p>\n","protected":false},"excerpt":{"rendered":"<p>Mudanya, 1321 y\u0131l\u0131nda Orhan Bey taraf\u0131ndan fethedilerek Osmanl\u0131 topraklar\u0131na kat\u0131lm\u0131\u015ft\u0131r. Mudanya Kasabas\u0131, Mondros M\u00fctarekesi\u2019nden sonra, \u00f6nce \u0130ngiliz istilas\u0131na u\u011fram\u0131\u015ft\u0131r. Fakat bu i\u015fgal bir g\u00fcn bile s\u00fcrmemi\u015ftir. Vatan topra\u011f\u0131na \u00e2\u015f\u0131k, Jandarma Onba\u015f\u0131s\u0131 \u015e\u00dcKR\u00dc \u00c7AVU\u015e, kimseden emir \u015e\u00fckr\u00fc \u00c7avu\u015f almadan yaln\u0131z ba\u015f\u0131na mavzerini kaparak \u0130ngiliz Deniz Piyadesi\u2019nin \u00e7\u0131kartma yapt\u0131\u011f\u0131 iskeleye ko\u015farak gitmi\u015f ve silah\u0131n\u0131 ate\u015flemi\u015ftir. 25 Haziran [&hellip;]<\/p>\n","protected":false},"author":1,"featured_media":0,"comment_status":"closed","ping_status":"closed","sticky":false,"template":"","format":"standard","meta":[],"categories":[11],"tags":[],"_links":{"self":[{"href":"http:\/\/www.mudanyaonline.net\/index.php?rest_route=\/wp\/v2\/posts\/21"}],"collection":[{"href":"http:\/\/www.mudanyaonline.net\/index.php?rest_route=\/wp\/v2\/posts"}],"about":[{"href":"http:\/\/www.mudanyaonline.net\/index.php?rest_route=\/wp\/v2\/types\/post"}],"author":[{"embeddable":true,"href":"http:\/\/www.mudanyaonline.net\/index.php?rest_route=\/wp\/v2\/users\/1"}],"replies":[{"embeddable":true,"href":"http:\/\/www.mudanyaonline.net\/index.php?rest_route=%2Fwp%2Fv2%2Fcomments&post=21"}],"version-history":[{"count":0,"href":"http:\/\/www.mudanyaonline.net\/index.php?rest_route=\/wp\/v2\/posts\/21\/revisions"}],"wp:attachment":[{"href":"http:\/\/www.mudanyaonline.net\/index.php?rest_route=%2Fwp%2Fv2%2Fmedia&parent=21"}],"wp:term":[{"taxonomy":"category","embeddable":true,"href":"http:\/\/www.mudanyaonline.net\/index.php?rest_route=%2Fwp%2Fv2%2Fcategories&post=21"},{"taxonomy":"post_tag","embeddable":true,"href":"http:\/\/www.mudanyaonline.net\/index.php?rest_route=%2Fwp%2Fv2%2Ftags&post=21"}],"curies":[{"name":"wp","href":"https:\/\/api.w.org\/{rel}","templated":true}]}}